{"id":891,"date":"2025-09-01T20:58:49","date_gmt":"2025-09-01T20:58:49","guid":{"rendered":"https:\/\/prueba.proelectrica.com\/?p=891"},"modified":"2025-09-01T20:58:51","modified_gmt":"2025-09-01T20:58:51","slug":"entrada-en-operacion-comercial-de-csf","status":"publish","type":"post","link":"https:\/\/proelectrica.com\/en\/entrada-en-operacion-comercial-de-csf\/","title":{"rendered":"Entrada en operaci\u00f3n comercial de CSF"},"content":{"rendered":"<p><strong>Fecha de inicio de operaci\u00f3n:<\/strong> 7 de mayo de 2025.<\/p>\n\n\n\n<p><a href=\"https:\/\/www.linkedin.com\/company\/proelectrica\/\"><strong>Proelectrica<\/strong><\/a>&nbsp;entro en operaci\u00f3n comercial la planta solar CSF, un sistema de autogeneraci\u00f3n con fuente solar dise\u00f1ado para Carbones San Fernando, ubicada en Amag\u00e1, Antioquia. Esta planta marca un hito m\u00e1s al convertirse en la primera instalaci\u00f3n solar de la compa\u00f1\u00eda en este departamento, complementando la matriz energ\u00e9tica existente junto a nuestras peque\u00f1as centrales hidroel\u00e9ctricas ya en la regi\u00f3n.<br>&nbsp;<br>Con cada proyecto, reafirmamos nuestro compromiso con los clientes que apuestan por la autogeneraci\u00f3n, ofreciendo soluciones energ\u00e9ticas dise\u00f1adas a la medida de sus necesidades, que contribuyen a sus metas de sostenibilidad y generan ahorros significativos. En&nbsp;<a href=\"https:\/\/www.linkedin.com\/company\/proelectrica\/\"><strong>Proelectrica<\/strong><\/a>&nbsp;dise\u00f1amos, construimos, operamos y mantenemos plantas de generaci\u00f3n bajo esquemas PPA, alineando nuestra experiencia con la visi\u00f3n de cada empresa para avanzar hacia un futuro energ\u00e9tico m\u00e1s amigable con el ambiente.<\/p>","protected":false},"excerpt":{"rendered":"<p>Fecha de inicio de operaci\u00f3n: 7 de mayo de 2025. Proelectrica&nbsp;entro en operaci\u00f3n comercial la planta solar CSF, un sistema de autogeneraci\u00f3n con fuente solar dise\u00f1ado para Carbones San Fernando, ubicada en Amag\u00e1, Antioquia. Esta planta marca un hito m\u00e1s al convertirse en la primera instalaci\u00f3n solar de la compa\u00f1\u00eda en este departamento, complementando la [&hellip;]<\/p>\n","protected":false},"author":1,"featured_media":892,"comment_status":"open","ping_status":"open","sticky":false,"template":"","format":"standard","meta":{"_acf_changed":false,"footnotes":""},"categories":[1],"tags":[],"class_list":["post-891","post","type-post","status-publish","format-standard","has-post-thumbnail","hentry","category-uncategorized"],"acf":[],"_links":{"self":[{"href":"https:\/\/proelectrica.com\/en\/wp-json\/wp\/v2\/posts\/891","targetHints":{"allow":["GET"]}}],"collection":[{"href":"https:\/\/proelectrica.com\/en\/wp-json\/wp\/v2\/posts"}],"about":[{"href":"https:\/\/proelectrica.com\/en\/wp-json\/wp\/v2\/types\/post"}],"author":[{"embeddable":true,"href":"https:\/\/proelectrica.com\/en\/wp-json\/wp\/v2\/users\/1"}],"replies":[{"embeddable":true,"href":"https:\/\/proelectrica.com\/en\/wp-json\/wp\/v2\/comments?post=891"}],"version-history":[{"count":1,"href":"https:\/\/proelectrica.com\/en\/wp-json\/wp\/v2\/posts\/891\/revisions"}],"predecessor-version":[{"id":893,"href":"https:\/\/proelectrica.com\/en\/wp-json\/wp\/v2\/posts\/891\/revisions\/893"}],"wp:featuredmedia":[{"embeddable":true,"href":"https:\/\/proelectrica.com\/en\/wp-json\/wp\/v2\/media\/892"}],"wp:attachment":[{"href":"https:\/\/proelectrica.com\/en\/wp-json\/wp\/v2\/media?parent=891"}],"wp:term":[{"taxonomy":"category","embeddable":true,"href":"https:\/\/proelectrica.com\/en\/wp-json\/wp\/v2\/categories?post=891"},{"taxonomy":"post_tag","embeddable":true,"href":"https:\/\/proelectrica.com\/en\/wp-json\/wp\/v2\/tags?post=891"}],"curies":[{"name":"wp","href":"https:\/\/api.w.org\/{rel}","templated":true}]}}