{"id":889,"date":"2025-09-01T20:57:32","date_gmt":"2025-09-01T20:57:32","guid":{"rendered":"https:\/\/prueba.proelectrica.com\/?p=889"},"modified":"2025-09-01T20:57:37","modified_gmt":"2025-09-01T20:57:37","slug":"entrada-en-operacion-comercial-de-nuestro-bogota","status":"publish","type":"post","link":"https:\/\/proelectrica.com\/en\/entrada-en-operacion-comercial-de-nuestro-bogota\/","title":{"rendered":"Entrada en operaci\u00f3n comercial de Nuestro Bogot\u00e1\u00a0"},"content":{"rendered":"<p><strong>Fecha de inicio de operaci\u00f3n:<\/strong> 21 de marzo de 2025.<\/p>\n\n\n\n<p>Desde&nbsp;<a href=\"https:\/\/www.linkedin.com\/company\/proelectrica\/\"><strong>Proelectrica<\/strong><\/a>, nos complace anunciar la entrada en operaci\u00f3n comercial de nuestra planta de autogeneraci\u00f3n de energ\u00eda solar para abastecer parte del consumo de energ\u00eda el\u00e9ctrica del Centro Comercial Nuestro Bogot\u00e1, ubicado en la ciudad de Bogot\u00e1. Este proyecto refuerza nuestro compromiso con la sostenibilidad y la eficiencia energ\u00e9tica, dise\u00f1ando sistemas de generaci\u00f3n a la medida de las necesidades energ\u00e9ticas de nuestros clientes. Con esta planta, apoyamos el cumplimiento de sus objetivos de autogeneraci\u00f3n y promovemos el uso de energ\u00eda limpia y renovable, aline\u00e1ndonos con las tendencias del futuro.<br><br>Desde 2018, en&nbsp;<a href=\"https:\/\/www.linkedin.com\/company\/proelectrica\/\"><strong>Proelectrica<\/strong><\/a>&nbsp;hemos estado desarrollando soluciones energ\u00e9ticas innovadoras, permitiendo a nuestros clientes autogenerar su energ\u00eda el\u00e9ctrica a partir de fuentes amigables con el medio ambiente. Nos hemos consolidado como un aliado estrat\u00e9gico en el sector energ\u00e9tico, brindando seguridad y eficiencia a quienes buscan alternativas sostenibles para sus operaciones.<\/p>","protected":false},"excerpt":{"rendered":"<p>Fecha de inicio de operaci\u00f3n: 21 de marzo de 2025. Desde&nbsp;Proelectrica, nos complace anunciar la entrada en operaci\u00f3n comercial de nuestra planta de autogeneraci\u00f3n de energ\u00eda solar para abastecer parte del consumo de energ\u00eda el\u00e9ctrica del Centro Comercial Nuestro Bogot\u00e1, ubicado en la ciudad de Bogot\u00e1. Este proyecto refuerza nuestro compromiso con la sostenibilidad y [&hellip;]<\/p>\n","protected":false},"author":1,"featured_media":282,"comment_status":"open","ping_status":"open","sticky":false,"template":"","format":"standard","meta":{"_acf_changed":false,"footnotes":""},"categories":[1],"tags":[],"class_list":["post-889","post","type-post","status-publish","format-standard","has-post-thumbnail","hentry","category-uncategorized"],"acf":[],"_links":{"self":[{"href":"https:\/\/proelectrica.com\/en\/wp-json\/wp\/v2\/posts\/889","targetHints":{"allow":["GET"]}}],"collection":[{"href":"https:\/\/proelectrica.com\/en\/wp-json\/wp\/v2\/posts"}],"about":[{"href":"https:\/\/proelectrica.com\/en\/wp-json\/wp\/v2\/types\/post"}],"author":[{"embeddable":true,"href":"https:\/\/proelectrica.com\/en\/wp-json\/wp\/v2\/users\/1"}],"replies":[{"embeddable":true,"href":"https:\/\/proelectrica.com\/en\/wp-json\/wp\/v2\/comments?post=889"}],"version-history":[{"count":1,"href":"https:\/\/proelectrica.com\/en\/wp-json\/wp\/v2\/posts\/889\/revisions"}],"predecessor-version":[{"id":890,"href":"https:\/\/proelectrica.com\/en\/wp-json\/wp\/v2\/posts\/889\/revisions\/890"}],"wp:featuredmedia":[{"embeddable":true,"href":"https:\/\/proelectrica.com\/en\/wp-json\/wp\/v2\/media\/282"}],"wp:attachment":[{"href":"https:\/\/proelectrica.com\/en\/wp-json\/wp\/v2\/media?parent=889"}],"wp:term":[{"taxonomy":"category","embeddable":true,"href":"https:\/\/proelectrica.com\/en\/wp-json\/wp\/v2\/categories?post=889"},{"taxonomy":"post_tag","embeddable":true,"href":"https:\/\/proelectrica.com\/en\/wp-json\/wp\/v2\/tags?post=889"}],"curies":[{"name":"wp","href":"https:\/\/api.w.org\/{rel}","templated":true}]}}